{"id":48,"date":"2015-10-28T15:26:22","date_gmt":"2015-10-28T15:26:22","guid":{"rendered":"http:\/\/brain:8080\/wordpress\/?p=48"},"modified":"2024-12-13T15:45:44","modified_gmt":"2024-12-13T15:45:44","slug":"residencia-universitaria-da-madeira","status":"publish","type":"post","link":"https:\/\/regalias.spm-ram.org\/?p=48","title":{"rendered":"Resid\u00eancia Universit\u00e1ria da Madeira"},"content":{"rendered":"<p>A Resid\u00eancia Universit\u00e1ria Nossa Senhora das Vit\u00f3rias oferece aos s\u00f3cios do Sindicato dos Professores da Madeira a possibilidade de alojamento na Resid\u00eancia Universit\u00e1ria mediante o pagamento das seguintes tarifas e disponibilidade:<br \/>\n<!--more--><img loading=\"lazy\" decoding=\"async\" class=\"alignnone wp-image-1720 size-full\" src=\"https:\/\/regalias.spm-ram.org\/wp-content\/uploads\/2024\/12\/residencia.png\" alt=\"\" width=\"990\" height=\"457\" srcset=\"https:\/\/regalias.spm-ram.org\/wp-content\/uploads\/2024\/12\/residencia.png 990w, https:\/\/regalias.spm-ram.org\/wp-content\/uploads\/2024\/12\/residencia-300x138.png 300w, https:\/\/regalias.spm-ram.org\/wp-content\/uploads\/2024\/12\/residencia-150x69.png 150w, https:\/\/regalias.spm-ram.org\/wp-content\/uploads\/2024\/12\/residencia-768x355.png 768w\" sizes=\"auto, (max-width: 990px) 100vw, 990px\" \/><br \/>\nTodos os quartos t\u00eam casa de banho privativa.<br \/>\n* pre\u00e7o por pessoa<br \/>\n<a href=\"http:\/\/residencia.sasuma.pt\/pt.php\">http:\/\/residencia.sasuma.pt\/pt.php<\/a><\/p>\n<p>Rua de Santa Maria n\u00b0 253 , \u00a09060-291 Funchal<\/p>\n<p>Tel:\u00a0291201817 \/ 291201816<\/p>\n<p><img loading=\"lazy\" decoding=\"async\" class=\"aligncenter  wp-image-1129\" src=\"https:\/\/regalias.spm-ram.org\/wp-content\/uploads\/2015\/10\/r-uni.jpg\" alt=\"\" width=\"587\" height=\"442\" srcset=\"https:\/\/regalias.spm-ram.org\/wp-content\/uploads\/2015\/10\/r-uni.jpg 1020w, https:\/\/regalias.spm-ram.org\/wp-content\/uploads\/2015\/10\/r-uni-300x226.jpg 300w, https:\/\/regalias.spm-ram.org\/wp-content\/uploads\/2015\/10\/r-uni-768x578.jpg 768w\" sizes=\"auto, (max-width: 587px) 100vw, 587px\" \/><\/p>\n","protected":false},"excerpt":{"rendered":"<p>A Resid\u00eancia Universit\u00e1ria Nossa Senhora das Vit\u00f3rias oferece aos s\u00f3cios do Sindicato dos Professores da Madeira a possibilidade de alojamento na Resid\u00eancia Universit\u00e1ria mediante o&hellip;<\/p>\n","protected":false},"author":1,"featured_media":1114,"comment_status":"closed","ping_status":"closed","sticky":false,"template":"","format":"standard","meta":{"footnotes":""},"categories":[7],"tags":[],"class_list":["post-48","post","type-post","status-publish","format-standard","has-post-thumbnail","hentry","category-alojamentos"],"_links":{"self":[{"href":"https:\/\/regalias.spm-ram.org\/index.php?rest_route=\/wp\/v2\/posts\/48","targetHints":{"allow":["GET"]}}],"collection":[{"href":"https:\/\/regalias.spm-ram.org\/index.php?rest_route=\/wp\/v2\/posts"}],"about":[{"href":"https:\/\/regalias.spm-ram.org\/index.php?rest_route=\/wp\/v2\/types\/post"}],"author":[{"embeddable":true,"href":"https:\/\/regalias.spm-ram.org\/index.php?rest_route=\/wp\/v2\/users\/1"}],"replies":[{"embeddable":true,"href":"https:\/\/regalias.spm-ram.org\/index.php?rest_route=%2Fwp%2Fv2%2Fcomments&post=48"}],"version-history":[{"count":6,"href":"https:\/\/regalias.spm-ram.org\/index.php?rest_route=\/wp\/v2\/posts\/48\/revisions"}],"predecessor-version":[{"id":1721,"href":"https:\/\/regalias.spm-ram.org\/index.php?rest_route=\/wp\/v2\/posts\/48\/revisions\/1721"}],"wp:featuredmedia":[{"embeddable":true,"href":"https:\/\/regalias.spm-ram.org\/index.php?rest_route=\/wp\/v2\/media\/1114"}],"wp:attachment":[{"href":"https:\/\/regalias.spm-ram.org\/index.php?rest_route=%2Fwp%2Fv2%2Fmedia&parent=48"}],"wp:term":[{"taxonomy":"category","embeddable":true,"href":"https:\/\/regalias.spm-ram.org\/index.php?rest_route=%2Fwp%2Fv2%2Fcategories&post=48"},{"taxonomy":"post_tag","embeddable":true,"href":"https:\/\/regalias.spm-ram.org\/index.php?rest_route=%2Fwp%2Fv2%2Ftags&post=48"}],"curies":[{"name":"wp","href":"https:\/\/api.w.org\/{rel}","templated":true}]}}