{"id":784,"date":"2016-02-18T17:15:38","date_gmt":"2016-02-18T17:15:38","guid":{"rendered":"http:\/\/regalias.spm-ram.org\/?p=784"},"modified":"2026-04-29T13:22:03","modified_gmt":"2026-04-29T13:22:03","slug":"o-nucleo-museologico-rota-da-cal","status":"publish","type":"post","link":"https:\/\/regalias.spm-ram.org\/?p=784","title":{"rendered":"O N\u00facleo Museol\u00f3gico &#8211; Rota da Cal"},"content":{"rendered":"<ul>\n<li>Visitas aut\u00f3nomas e entradas gratuitas;<\/li>\n<\/ul>\n<p><!--more--><\/p>\n<div class=\"columnLeft\">\n<div class=\"openingHours\">\n<div class=\"description\">Duas pedreiras de pedra calc\u00e1ria, um forno de cal, im\u00f3veis de apoio \u00e0 produ\u00e7\u00e3o e um conjunto de f\u00f3sseis, com mais de cinco milh\u00f5es de anos, comp\u00f5em este n\u00facleo museol\u00f3gico.<\/div>\n<div class=\"description\">\n<p>Localizado no S\u00edtio dos Lameiros, concelho de S\u00e3o Vicente, o N\u00facleo Museol\u00f3gico Rota da Cal \u00e9 composto por um trajeto pedestre com a dura\u00e7\u00e3o de 30 minutos, desde as pedreiras de extra\u00e7\u00e3o calc\u00e1ria at\u00e9 ao museu. Este era o percurso realizado pelos trabalhadores do forno da cal, h\u00e1 muitos anos atr\u00e1s, no transporte da lenha, calc\u00e1rio e \u00e1gua para o forno da cal.<\/p>\n<p>O n\u00facleo engloba ainda uma \u00e1rea aproximada de 12.000 m2, onde se encontram duas pedreiras de pedra calc\u00e1ria, um forno de cal, um conjunto de f\u00f3sseis, com mais de cinco milh\u00f5es de anos, e outros im\u00f3veis de apoio \u00e0 produ\u00e7\u00e3o, nomeadamente um palheiro, poios e levadas.<\/p>\n<p>Os visitantes podem igualmente visualizar um v\u00eddeo que explica o processo da produ\u00e7\u00e3o da cal, desde a extra\u00e7\u00e3o do calc\u00e1rio at\u00e9 \u00e0 sua cozedura e respetivas utiliza\u00e7\u00f5es. Este \u00e9 um espa\u00e7o de relev\u00e2ncia em termos de patrim\u00f3nio natural e cultural.<\/p>\n<p>Em 2005, a Rota da Cal foi classificada, pelo Governo Regional da Madeira, como Conjunto de Interesse P\u00fablico Regional.<\/p>\n<\/div>\n<div class=\"description\"><\/div>\n<\/div>\n<div class=\"openingHours\"><b>Hor\u00e1rio de funcionamento:<\/b><br \/>\nTer\u00e7a &#8211; S\u00e1bado: 10h00 &#8211; 14h00<\/div>\n<div class=\"pauseHours schedulePadding\"><b>Pausa\/Interrup\u00e7\u00e3o:<\/b><br \/>\nDomingo, Segunda-feira e Feriados<\/div>\n<\/div>\n<div class=\"columnRight\">\n<p><span class=\"titleContacts\">Contatos<\/span><\/p>\n<div class=\"address\">S\u00edtio da Achada do Furtado do Barrinho, Lameiros, 9240-211 S\u00e3o Vicente<\/div>\n<div class=\"phone\">+351 291 842 018<\/div>\n<\/div>\n<div class=\"phone\"><img loading=\"lazy\" decoding=\"async\" class=\"aligncenter  wp-image-1060\" src=\"https:\/\/regalias.spm-ram.org\/wp-content\/uploads\/2016\/02\/rota-da-cal.jpg\" alt=\"\" width=\"552\" height=\"288\" srcset=\"https:\/\/regalias.spm-ram.org\/wp-content\/uploads\/2016\/02\/rota-da-cal.jpg 700w, https:\/\/regalias.spm-ram.org\/wp-content\/uploads\/2016\/02\/rota-da-cal-300x156.jpg 300w\" sizes=\"auto, (max-width: 552px) 100vw, 552px\" \/><\/div>\n","protected":false},"excerpt":{"rendered":"<p>Visitas aut\u00f3nomas e entradas gratuitas;<\/p>\n","protected":false},"author":1,"featured_media":1057,"comment_status":"closed","ping_status":"closed","sticky":false,"template":"","format":"standard","meta":{"footnotes":""},"categories":[3,27],"tags":[],"class_list":["post-784","post","type-post","status-publish","format-standard","has-post-thumbnail","hentry","category-cultura","category-lazer"],"_links":{"self":[{"href":"https:\/\/regalias.spm-ram.org\/index.php?rest_route=\/wp\/v2\/posts\/784","targetHints":{"allow":["GET"]}}],"collection":[{"href":"https:\/\/regalias.spm-ram.org\/index.php?rest_route=\/wp\/v2\/posts"}],"about":[{"href":"https:\/\/regalias.spm-ram.org\/index.php?rest_route=\/wp\/v2\/types\/post"}],"author":[{"embeddable":true,"href":"https:\/\/regalias.spm-ram.org\/index.php?rest_route=\/wp\/v2\/users\/1"}],"replies":[{"embeddable":true,"href":"https:\/\/regalias.spm-ram.org\/index.php?rest_route=%2Fwp%2Fv2%2Fcomments&post=784"}],"version-history":[{"count":5,"href":"https:\/\/regalias.spm-ram.org\/index.php?rest_route=\/wp\/v2\/posts\/784\/revisions"}],"predecessor-version":[{"id":1876,"href":"https:\/\/regalias.spm-ram.org\/index.php?rest_route=\/wp\/v2\/posts\/784\/revisions\/1876"}],"wp:featuredmedia":[{"embeddable":true,"href":"https:\/\/regalias.spm-ram.org\/index.php?rest_route=\/wp\/v2\/media\/1057"}],"wp:attachment":[{"href":"https:\/\/regalias.spm-ram.org\/index.php?rest_route=%2Fwp%2Fv2%2Fmedia&parent=784"}],"wp:term":[{"taxonomy":"category","embeddable":true,"href":"https:\/\/regalias.spm-ram.org\/index.php?rest_route=%2Fwp%2Fv2%2Fcategories&post=784"},{"taxonomy":"post_tag","embeddable":true,"href":"https:\/\/regalias.spm-ram.org\/index.php?rest_route=%2Fwp%2Fv2%2Ftags&post=784"}],"curies":[{"name":"wp","href":"https:\/\/api.w.org\/{rel}","templated":true}]}}